[{"@context":"https:\/\/schema.org\/","@type":"Article","@id":"https:\/\/www.zais.sk\/na-tom-ci-mate-dlhe-alebo-kratke-nechty-nezalezi-dolezity-je-ich-stav\/#Article","mainEntityOfPage":"https:\/\/www.zais.sk\/na-tom-ci-mate-dlhe-alebo-kratke-nechty-nezalezi-dolezity-je-ich-stav\/","headline":"Na tom, \u010di m\u00e1te dlh\u00e9 alebo kr\u00e1tke nechty nez\u00e1le\u017e\u00ed, d\u00f4le\u017eit\u00fd je ich stav","name":"Na tom, \u010di m\u00e1te dlh\u00e9 alebo kr\u00e1tke nechty nez\u00e1le\u017e\u00ed, d\u00f4le\u017eit\u00fd je ich stav","description":"Zdravie organizmu sa odzrkad\u013euje aj na stave nechtov, no ich \u010distota a pekne upraven\u00fd tvar je u\u017e vecou ka\u017edej \u017eeny, ktor\u00e1 chce by\u0165 dokonalo upraven\u00e1. To, \u017ee bud\u00fa inej farby ako pr\u00edrodnej a m\u00f4\u017eu by\u0165 dlh\u00e9, obl\u00e9, hranat\u00e9 alebo \u0161picat\u00e9, je hlavne z\u00e1le\u017eitos\u0165 aktu\u00e1lnych trendov v kozmetike. Na trhu je mnoho dostupn\u00fdch mo\u017enost\u00ed ako si [&hellip;]","datePublished":"2023-09-17","dateModified":"2023-09-17","author":{"@type":"Person","@id":"https:\/\/www.zais.sk\/author\/#Person","name":"","url":"https:\/\/www.zais.sk\/author\/","identifier":1,"image":{"@type":"ImageObject","@id":"https:\/\/secure.gravatar.com\/avatar\/831abbcc684823965c5caa39ae4561083127c8aedfe9e524c6cecc176998c733?s=96&d=mm&r=g","url":"https:\/\/secure.gravatar.com\/avatar\/831abbcc684823965c5caa39ae4561083127c8aedfe9e524c6cecc176998c733?s=96&d=mm&r=g","height":96,"width":96}},"publisher":{"@type":"Organization","name":"zais.sk","logo":{"@type":"ImageObject","@id":"\/logo.png","url":"\/logo.png","width":600,"height":60}},"image":{"@type":"ImageObject","@id":"https:\/\/www.zais.sk\/wp-content\/uploads\/fingers-376812_1280_2.jpg","url":"https:\/\/www.zais.sk\/wp-content\/uploads\/fingers-376812_1280_2.jpg","height":0,"width":0},"url":"https:\/\/www.zais.sk\/na-tom-ci-mate-dlhe-alebo-kratke-nechty-nezalezi-dolezity-je-ich-stav\/","wordCount":375,"articleBody":"   Zdravie organizmu sa odzrkad\u013euje aj na stave nechtov, no ich \u010distota a pekne upraven\u00fd tvar je u\u017e vecou ka\u017edej \u017eeny, ktor\u00e1 chce by\u0165 dokonalo upraven\u00e1. To, \u017ee bud\u00fa inej farby ako pr\u00edrodnej a m\u00f4\u017eu by\u0165 dlh\u00e9, obl\u00e9, hranat\u00e9 alebo \u0161picat\u00e9, je hlavne z\u00e1le\u017eitos\u0165 aktu\u00e1lnych trendov v kozmetike. Na trhu je mnoho dostupn\u00fdch mo\u017enost\u00ed ako si nechty upravi\u0165. Menej zdatn\u00e9 \u017eeny si nechty nech\u00e1vaj\u00fa upravova\u0165 v sal\u00f3noch, kde pracuj\u00fa profesion\u00e1lky a v\u00fdsledkom ich pr\u00e1ce s\u00fa kr\u00e1sne, farebn\u00e9 a pekne upraven\u00e9 nechty, m\u00f4\u017eu to by\u0165 va\u0161e vlastn\u00e9 alebo dnes ve\u013emi popul\u00e1rne, nalepen\u00e9 g\u00e9lov\u00e9 nechty. Tie sa daj\u00fa upravi\u0165 UV g\u00e9lom alebo nalakovan\u00edm oby\u010dajn\u00fdm g\u00e9lov\u00fdm lakom, ktor\u00fd vydr\u017e\u00ed aj zop\u00e1r t\u00fd\u017ed\u0148ov. Aplik\u00e1cia je ve\u013emi jednoduch\u00e1, najm\u00e4 ak pou\u017eijete gel lak D-nails.sk lak zo s\u00e9rie EPIC EXTREME Color, patriaci do kateg\u00f3rie maxim\u00e1lne odoln\u00fdch.Po aplik\u00e1cii tohto laku nasleduje vytvrdzovanie v LED alebo UV lampe alebo aj v DUAL UV\/LED lampe, takto upraven\u00fd lak je najkvalitnej\u0161\u00ed. Na pr\u00edrodn\u00fdch nechtoch lak vydr\u017e\u00ed 2 a\u017e 3 t\u00fd\u017edne, d\u013a\u017eka z\u00e1vis\u00ed od kvality va\u0161ich vlastn\u00fdch nechtov a od spr\u00e1vneho postupu pri lakovan\u00ed. V sal\u00f3noch, ale aj v obchodoch je \u0161irok\u00e1 ponuka farebnosti lakov, cez pastelov\u00e9 odtiene a\u017e po glitrov\u00e9 lesky.Extreme Finish Effect &#8211; Imagination je vrchn\u00fd glittrov\u00fd lesk a tenk\u00fd ukon\u010dovac\u00ed UV a LED g\u00e9l, ktor\u00fd obsahuje \u0161tetec a naplnen\u00fd je v \u010diernej f\u013ea\u0161ke, ktorej \u00falohou je ochr\u00e1ni\u0165 ho pred UV \u017eiaren\u00edm. Lak m\u00e1 dokonal\u00fa konzistenciu. Je maxim\u00e1lne pri\u013enav\u00fd, trv\u00e1cny, pru\u017en\u00fd a odoln\u00fd, neobsahuje kyseliny, nezatek\u00e1, \u0161tetcom sa d\u00e1 dokonalo nanies\u0165, v UV lampe sta\u010d\u00ed aplik\u00e1cia 120 sek\u00fand, v LED lampe iba 60 sek\u00fand. Je extr\u00e9mne leskl\u00fd, tak\u017ee efekt bude maxim\u00e1lny. V\u0161etky spom\u00ednan\u00e9 produkty s\u00fa v predaji v mnoh\u00fdch farb\u00e1ch, dokonca aj v zelenej \u010di v \u010diernej, tak\u017ee v\u00fdber je \u0161irok\u00fd a m\u00f4\u017eu by\u0165 splnen\u00e9 po\u017eiadavky ka\u017edej \u017eeny, ktor\u00e1 t\u00fa\u017ei by\u0165 in\u00e1, kraj\u0161ia a elegantnej\u0161ia alebo chce trocha \u0161okova\u0165 extravaganciou.                                                                                                                                                                                                                                                                                                                                                                                          4.2\/5 - (9 votes)        "},{"@context":"https:\/\/schema.org\/","@type":"BreadcrumbList","itemListElement":[{"@type":"ListItem","position":1,"name":"Na tom, \u010di m\u00e1te dlh\u00e9 alebo kr\u00e1tke nechty nez\u00e1le\u017e\u00ed, d\u00f4le\u017eit\u00fd je ich stav","item":"https:\/\/www.zais.sk\/na-tom-ci-mate-dlhe-alebo-kratke-nechty-nezalezi-dolezity-je-ich-stav\/#breadcrumbitem"}]}]